{"id":3246,"date":"2025-05-28T16:30:08","date_gmt":"2025-05-28T14:30:08","guid":{"rendered":"https:\/\/academie-villefranche.fr\/?p=3246"},"modified":"2025-05-28T16:35:25","modified_gmt":"2025-05-28T14:35:25","slug":"crimes-et-delits-du-xviie-au-xixe-siecles-sur-les-grands-chemins-de-lyonnais-beaujolais-et-forez","status":"publish","type":"post","link":"https:\/\/academie-villefranche.fr\/?p=3246","title":{"rendered":"Crimes et d\u00e9lits du XVIIe au XIXe si\u00e8cles sur les grands chemins de Lyonnais, Beaujolais et Forez"},"content":{"rendered":"\t\t<div data-elementor-type=\"wp-post\" data-elementor-id=\"3246\" class=\"elementor elementor-3246\" data-elementor-post-type=\"post\">\n\t\t\t\t\t\t<section class=\"elementor-section elementor-top-section elementor-element elementor-element-6b3c5343 elementor-section-boxed elementor-section-height-default elementor-section-height-default\" data-id=\"6b3c5343\" data-element_type=\"section\" data-e-type=\"section\">\n\t\t\t\t\t\t<div class=\"elementor-container elementor-column-gap-default\">\n\t\t\t\t\t<div class=\"elementor-column elementor-col-100 elementor-top-column elementor-element elementor-element-7ca0fafc\" data-id=\"7ca0fafc\" data-element_type=\"column\" data-e-type=\"column\">\n\t\t\t<div class=\"elementor-widget-wrap elementor-element-populated\">\n\t\t\t\t\t\t\t<\/div>\n\t\t<\/div>\n\t\t\t\t\t<\/div>\n\t\t<\/section>\n\t\t\t\t<section class=\"elementor-section elementor-top-section elementor-element elementor-element-1d1d8e50 elementor-section-boxed elementor-section-height-default elementor-section-height-default\" data-id=\"1d1d8e50\" data-element_type=\"section\" data-e-type=\"section\">\n\t\t\t\t\t\t<div class=\"elementor-container elementor-column-gap-default\">\n\t\t\t\t\t<div class=\"elementor-column elementor-col-100 elementor-top-column elementor-element elementor-element-1c86fcae\" data-id=\"1c86fcae\" data-element_type=\"column\" data-e-type=\"column\">\n\t\t\t<div class=\"elementor-widget-wrap\">\n\t\t\t\t\t\t\t<\/div>\n\t\t<\/div>\n\t\t\t\t\t<\/div>\n\t\t<\/section>\n\t\t\t\t<section class=\"elementor-section elementor-top-section elementor-element elementor-element-7b03632f elementor-section-boxed elementor-section-height-default elementor-section-height-default\" data-id=\"7b03632f\" data-element_type=\"section\" data-e-type=\"section\">\n\t\t\t\t\t\t<div class=\"elementor-container elementor-column-gap-default\">\n\t\t\t\t\t<div class=\"elementor-column elementor-col-50 elementor-top-column elementor-element elementor-element-6b6eebea\" data-id=\"6b6eebea\" data-element_type=\"column\" data-e-type=\"column\">\n\t\t\t<div class=\"elementor-widget-wrap elementor-element-populated\">\n\t\t\t\t\t\t<div class=\"elementor-element elementor-element-2579e6ca elementor-widget elementor-widget-text-editor\" data-id=\"2579e6ca\" data-element_type=\"widget\" data-e-type=\"widget\" data-widget_type=\"text-editor.default\">\n\t\t\t\t<div class=\"elementor-widget-container\">\n\t\t\t\t\t\t\t\t\t<p><strong>Samedi 14 juin 2025\u00a0 &#8211; 16 h \u00e0 l&rsquo;auditorium de Villefranche sur Sa\u00f4ne 96 rue de la sous-pr\u00e9fecture.<\/strong><\/p><p><strong>Jean-Luc BOULAT\u00a0<\/strong><\/p><p>\u00ab\u00a0Crimes et d\u00e9lits du XVIIe au XIXe si\u00e8cles sur les grands chemins de Lyonnais, Beaujolais et Forez\u00a0\u00bb<\/p><p><strong>Billetterie<\/strong>\u00a0:\u00a0<\/p><p>R\u00e9servation \u00e0 l&rsquo;office de tourisme.<\/p><p>R\u00e9servation en ligne sur <a href=\"https:\/\/www.destination-beaujolais.com\/toute-la-billetterie.html\">Destination Beaujolais<\/a>.<\/p><p>Billetterie \u00e9galement disponible \u00e0 l&rsquo;entr\u00e9e<\/p>\t\t\t\t\t\t\t\t<\/div>\n\t\t\t\t<\/div>\n\t\t\t\t\t<\/div>\n\t\t<\/div>\n\t\t\t\t<div class=\"elementor-column elementor-col-50 elementor-top-column elementor-element elementor-element-2e95f773\" data-id=\"2e95f773\" data-element_type=\"column\" data-e-type=\"column\">\n\t\t\t<div class=\"elementor-widget-wrap elementor-element-populated\">\n\t\t\t\t\t\t<div class=\"elementor-element elementor-element-2ce7fbdf elementor-widget elementor-widget-image\" data-id=\"2ce7fbdf\" data-element_type=\"widget\" data-e-type=\"widget\" data-widget_type=\"image.default\">\n\t\t\t\t<div class=\"elementor-widget-container\">\n\t\t\t\t\t\t\t\t\t\t\t\t\t\t\t<img fetchpriority=\"high\" decoding=\"async\" width=\"630\" height=\"891\" src=\"https:\/\/academie-villefranche.fr\/wp-content\/uploads\/2025\/05\/Conference-juin25.jpg\" class=\"attachment-large size-large wp-image-3248\" alt=\"\" srcset=\"https:\/\/academie-villefranche.fr\/wp-content\/uploads\/2025\/05\/Conference-juin25.jpg 630w, https:\/\/academie-villefranche.fr\/wp-content\/uploads\/2025\/05\/Conference-juin25-212x300.jpg 212w\" sizes=\"(max-width: 630px) 100vw, 630px\" \/>\t\t\t\t\t\t\t\t\t\t\t\t\t\t\t<\/div>\n\t\t\t\t<\/div>\n\t\t\t\t\t<\/div>\n\t\t<\/div>\n\t\t\t\t\t<\/div>\n\t\t<\/section>\n\t\t\t\t<\/div>\n\t\t","protected":false},"excerpt":{"rendered":"<p>Samedi 14 juin 2025\u00a0 &#8211; 16 h \u00e0 l&rsquo;auditorium de Villefranche sur Sa\u00f4ne 96 rue de la sous-pr\u00e9fecture.<\/p>\n<p>Jean-Luc BOULAT\u00a0<\/p>\n<p>\u00ab\u00a0Crimes et d\u00e9lits du XVIIe au XIXe si\u00e8cles sur les grands chemins de Lyonnais, Beaujolais et Forez\u00a0\u00bb<\/p>\n","protected":false},"author":3,"featured_media":3248,"comment_status":"open","ping_status":"open","sticky":false,"template":"","format":"standard","meta":{"_monsterinsights_skip_tracking":false,"_monsterinsights_sitenote_active":false,"_monsterinsights_sitenote_note":"","_monsterinsights_sitenote_category":0,"neve_meta_sidebar":"","neve_meta_container":"","neve_meta_enable_content_width":"","neve_meta_content_width":0,"neve_meta_title_alignment":"","neve_meta_author_avatar":"","neve_post_elements_order":"","neve_meta_disable_header":"","neve_meta_disable_footer":"","neve_meta_disable_title":"","footnotes":""},"categories":[7],"tags":[],"class_list":["post-3246","post","type-post","status-publish","format-standard","has-post-thumbnail","hentry","category-conferences"],"aioseo_notices":[],"_links":{"self":[{"href":"https:\/\/academie-villefranche.fr\/index.php?rest_route=\/wp\/v2\/posts\/3246","targetHints":{"allow":["GET"]}}],"collection":[{"href":"https:\/\/academie-villefranche.fr\/index.php?rest_route=\/wp\/v2\/posts"}],"about":[{"href":"https:\/\/academie-villefranche.fr\/index.php?rest_route=\/wp\/v2\/types\/post"}],"author":[{"embeddable":true,"href":"https:\/\/academie-villefranche.fr\/index.php?rest_route=\/wp\/v2\/users\/3"}],"replies":[{"embeddable":true,"href":"https:\/\/academie-villefranche.fr\/index.php?rest_route=%2Fwp%2Fv2%2Fcomments&post=3246"}],"version-history":[{"count":10,"href":"https:\/\/academie-villefranche.fr\/index.php?rest_route=\/wp\/v2\/posts\/3246\/revisions"}],"predecessor-version":[{"id":3261,"href":"https:\/\/academie-villefranche.fr\/index.php?rest_route=\/wp\/v2\/posts\/3246\/revisions\/3261"}],"wp:featuredmedia":[{"embeddable":true,"href":"https:\/\/academie-villefranche.fr\/index.php?rest_route=\/wp\/v2\/media\/3248"}],"wp:attachment":[{"href":"https:\/\/academie-villefranche.fr\/index.php?rest_route=%2Fwp%2Fv2%2Fmedia&parent=3246"}],"wp:term":[{"taxonomy":"category","embeddable":true,"href":"https:\/\/academie-villefranche.fr\/index.php?rest_route=%2Fwp%2Fv2%2Fcategories&post=3246"},{"taxonomy":"post_tag","embeddable":true,"href":"https:\/\/academie-villefranche.fr\/index.php?rest_route=%2Fwp%2Fv2%2Ftags&post=3246"}],"curies":[{"name":"wp","href":"https:\/\/api.w.org\/{rel}","templated":true}]}}