{"id":3265,"date":"2025-09-29T10:19:35","date_gmt":"2025-09-29T08:19:35","guid":{"rendered":"https:\/\/academie-villefranche.fr\/?p=3265"},"modified":"2025-09-29T10:21:49","modified_gmt":"2025-09-29T08:21:49","slug":"eglises-chapelles-du-beaujolais-du-moyen-age-au-xixe-siecle","status":"publish","type":"post","link":"https:\/\/academie-villefranche.fr\/?p=3265","title":{"rendered":"\u00c9glises &#038; chapelles du Beaujolais, du Moyen-\u00c2ge au XIXe si\u00e8cle"},"content":{"rendered":"\t\t<div data-elementor-type=\"wp-post\" data-elementor-id=\"3265\" class=\"elementor elementor-3265\" data-elementor-post-type=\"post\">\n\t\t\t\t\t\t<section class=\"elementor-section elementor-top-section elementor-element elementor-element-167fbf74 elementor-section-boxed elementor-section-height-default elementor-section-height-default\" data-id=\"167fbf74\" data-element_type=\"section\" data-e-type=\"section\">\n\t\t\t\t\t\t<div class=\"elementor-container elementor-column-gap-default\">\n\t\t\t\t\t<div class=\"elementor-column elementor-col-50 elementor-top-column elementor-element elementor-element-761c3723\" data-id=\"761c3723\" data-element_type=\"column\" data-e-type=\"column\">\n\t\t\t<div class=\"elementor-widget-wrap elementor-element-populated\">\n\t\t\t\t\t\t<div class=\"elementor-element elementor-element-75a67a2f elementor-widget elementor-widget-text-editor\" data-id=\"75a67a2f\" data-element_type=\"widget\" data-e-type=\"widget\" data-widget_type=\"text-editor.default\">\n\t\t\t\t<div class=\"elementor-widget-container\">\n\t\t\t\t\t\t\t\t\t<p><strong>Samedi 11 octobre 2026 <\/strong><strong>d\u00e8s 16h \u00e0 l&rsquo;Auditorium ,<\/strong><br \/><strong>96 rue de la sous-pr\u00e9fecture<\/strong><br \/><strong>69400 Villefranche sur Sa\u00f4ne<\/strong><\/p><p><strong>Notre conf\u00e9rence donn\u00e9e par Olivier Chanu aura pour th\u00e8me :\u00a0 <\/strong><\/p><p><b>\u00ab\u00a0\u00c9glises &amp; chapelles du Beaujolais, du Moyen-\u00c2ge au XIXe si\u00e8cle\u00a0\u00bb<\/b><\/p><p><strong>Billetterie<\/strong>\u00a0:\u00a0<\/p><p>R\u00e9servation \u00e0 l&rsquo;office de tourisme.<\/p><p>R\u00e9servation en ligne sur <a href=\"https:\/\/www.destination-beaujolais.com\/toute-la-billetterie.html\">Destination Beaujolais<\/a>.<\/p><p>Billetterie \u00e9galement disponible \u00e0 l&rsquo;entr\u00e9e<\/p>\t\t\t\t\t\t\t\t<\/div>\n\t\t\t\t<\/div>\n\t\t\t\t\t<\/div>\n\t\t<\/div>\n\t\t\t\t<div class=\"elementor-column elementor-col-50 elementor-top-column elementor-element elementor-element-3c7e3c01\" data-id=\"3c7e3c01\" data-element_type=\"column\" data-e-type=\"column\">\n\t\t\t<div class=\"elementor-widget-wrap elementor-element-populated\">\n\t\t\t\t\t\t<div class=\"elementor-element elementor-element-491e781b elementor-widget elementor-widget-image\" data-id=\"491e781b\" data-element_type=\"widget\" data-e-type=\"widget\" data-widget_type=\"image.default\">\n\t\t\t\t<div class=\"elementor-widget-container\">\n\t\t\t\t\t\t\t\t\t\t\t\t\t\t\t<img fetchpriority=\"high\" decoding=\"async\" width=\"638\" height=\"915\" src=\"https:\/\/academie-villefranche.fr\/wp-content\/uploads\/2025\/09\/academie-11-10-25.jpg\" class=\"attachment-large size-large wp-image-3267\" alt=\"\" srcset=\"https:\/\/academie-villefranche.fr\/wp-content\/uploads\/2025\/09\/academie-11-10-25.jpg 638w, https:\/\/academie-villefranche.fr\/wp-content\/uploads\/2025\/09\/academie-11-10-25-209x300.jpg 209w\" sizes=\"(max-width: 638px) 100vw, 638px\" \/>\t\t\t\t\t\t\t\t\t\t\t\t\t\t\t<\/div>\n\t\t\t\t<\/div>\n\t\t\t\t\t<\/div>\n\t\t<\/div>\n\t\t\t\t\t<\/div>\n\t\t<\/section>\n\t\t\t\t<\/div>\n\t\t","protected":false},"excerpt":{"rendered":"<p>Samedi 11 octobre 2025 \u00e0 16h \u00e0 l&rsquo;auditorium par Conf\u00e9rence par Olivier CHANU<\/p>\n","protected":false},"author":3,"featured_media":3267,"comment_status":"open","ping_status":"open","sticky":false,"template":"","format":"standard","meta":{"_monsterinsights_skip_tracking":false,"_monsterinsights_sitenote_active":false,"_monsterinsights_sitenote_note":"","_monsterinsights_sitenote_category":0,"neve_meta_sidebar":"","neve_meta_container":"","neve_meta_enable_content_width":"","neve_meta_content_width":0,"neve_meta_title_alignment":"","neve_meta_author_avatar":"","neve_post_elements_order":"","neve_meta_disable_header":"","neve_meta_disable_footer":"","neve_meta_disable_title":"","footnotes":""},"categories":[7],"tags":[],"class_list":["post-3265","post","type-post","status-publish","format-standard","has-post-thumbnail","hentry","category-conferences"],"aioseo_notices":[],"_links":{"self":[{"href":"https:\/\/academie-villefranche.fr\/index.php?rest_route=\/wp\/v2\/posts\/3265","targetHints":{"allow":["GET"]}}],"collection":[{"href":"https:\/\/academie-villefranche.fr\/index.php?rest_route=\/wp\/v2\/posts"}],"about":[{"href":"https:\/\/academie-villefranche.fr\/index.php?rest_route=\/wp\/v2\/types\/post"}],"author":[{"embeddable":true,"href":"https:\/\/academie-villefranche.fr\/index.php?rest_route=\/wp\/v2\/users\/3"}],"replies":[{"embeddable":true,"href":"https:\/\/academie-villefranche.fr\/index.php?rest_route=%2Fwp%2Fv2%2Fcomments&post=3265"}],"version-history":[{"count":7,"href":"https:\/\/academie-villefranche.fr\/index.php?rest_route=\/wp\/v2\/posts\/3265\/revisions"}],"predecessor-version":[{"id":3273,"href":"https:\/\/academie-villefranche.fr\/index.php?rest_route=\/wp\/v2\/posts\/3265\/revisions\/3273"}],"wp:featuredmedia":[{"embeddable":true,"href":"https:\/\/academie-villefranche.fr\/index.php?rest_route=\/wp\/v2\/media\/3267"}],"wp:attachment":[{"href":"https:\/\/academie-villefranche.fr\/index.php?rest_route=%2Fwp%2Fv2%2Fmedia&parent=3265"}],"wp:term":[{"taxonomy":"category","embeddable":true,"href":"https:\/\/academie-villefranche.fr\/index.php?rest_route=%2Fwp%2Fv2%2Fcategories&post=3265"},{"taxonomy":"post_tag","embeddable":true,"href":"https:\/\/academie-villefranche.fr\/index.php?rest_route=%2Fwp%2Fv2%2Ftags&post=3265"}],"curies":[{"name":"wp","href":"https:\/\/api.w.org\/{rel}","templated":true}]}}