{"id":3293,"date":"2025-11-21T08:29:50","date_gmt":"2025-11-21T07:29:50","guid":{"rendered":"https:\/\/academie-villefranche.fr\/?p=3293"},"modified":"2025-11-21T08:37:31","modified_gmt":"2025-11-21T07:37:31","slug":"les-femmes-et-la-science","status":"publish","type":"post","link":"https:\/\/academie-villefranche.fr\/?p=3293","title":{"rendered":"Les femmes et la science"},"content":{"rendered":"\t\t<div data-elementor-type=\"wp-post\" data-elementor-id=\"3293\" class=\"elementor elementor-3293\" data-elementor-post-type=\"post\">\n\t\t\t\t\t\t<section class=\"elementor-section elementor-top-section elementor-element elementor-element-9db93dd elementor-section-boxed elementor-section-height-default elementor-section-height-default\" data-id=\"9db93dd\" data-element_type=\"section\" data-e-type=\"section\">\n\t\t\t\t\t\t<div class=\"elementor-container elementor-column-gap-default\">\n\t\t\t\t\t<div class=\"elementor-column elementor-col-50 elementor-top-column elementor-element elementor-element-0ed4643\" data-id=\"0ed4643\" data-element_type=\"column\" data-e-type=\"column\">\n\t\t\t<div class=\"elementor-widget-wrap elementor-element-populated\">\n\t\t\t\t\t\t<div class=\"elementor-element elementor-element-0ddae5f elementor-widget elementor-widget-text-editor\" data-id=\"0ddae5f\" data-element_type=\"widget\" data-e-type=\"widget\" data-widget_type=\"text-editor.default\">\n\t\t\t\t<div class=\"elementor-widget-container\">\n\t\t\t\t\t\t\t\t\t<p><strong>Samedi 13 d\u00e9cembre 2025 <\/strong><strong>d\u00e8s 16h \u00e0 l\u2019Auditorium ,<\/strong><br \/><strong>96 rue de la sous-pr\u00e9fecture<\/strong><br \/><strong>69400 Villefranche sur Sa\u00f4ne<\/strong><\/p><p><strong>Notre conf\u00e9rence donn\u00e9e par Gabrielle Fort aura pour th\u00e8me :\u00a0<\/strong><\/p><p><b>\u00ab Les femmes et la science \u00bb<\/b><\/p><p><strong>Billetterie<\/strong>\u00a0:\u00a0<\/p><p>R\u00e9servation \u00e0 l\u2019office de tourisme.<\/p><p>R\u00e9servation en ligne sur\u00a0<a href=\"https:\/\/www.destination-beaujolais.com\/toute-la-billetterie.html\">Destination Beaujolais<\/a>.<\/p><p>Billetterie \u00e9galement disponible \u00e0 l\u2019entr\u00e9e<\/p>\t\t\t\t\t\t\t\t<\/div>\n\t\t\t\t<\/div>\n\t\t\t\t\t<\/div>\n\t\t<\/div>\n\t\t\t\t<div class=\"elementor-column elementor-col-50 elementor-top-column elementor-element elementor-element-450e407\" data-id=\"450e407\" data-element_type=\"column\" data-e-type=\"column\">\n\t\t\t<div class=\"elementor-widget-wrap elementor-element-populated\">\n\t\t\t\t\t\t<div class=\"elementor-element elementor-element-db4432c elementor-widget elementor-widget-image\" data-id=\"db4432c\" data-element_type=\"widget\" data-e-type=\"widget\" data-widget_type=\"image.default\">\n\t\t\t\t<div class=\"elementor-widget-container\">\n\t\t\t\t\t\t\t\t\t\t\t\t\t\t\t<img fetchpriority=\"high\" decoding=\"async\" width=\"661\" height=\"935\" src=\"https:\/\/academie-villefranche.fr\/wp-content\/uploads\/2025\/11\/affiche-conference-decembre-2025.jpg\" class=\"attachment-full size-full wp-image-3294\" alt=\"Affiche conf\u00e9rence d\u00e9cembre 2025 Les femmes et la science\" srcset=\"https:\/\/academie-villefranche.fr\/wp-content\/uploads\/2025\/11\/affiche-conference-decembre-2025.jpg 661w, https:\/\/academie-villefranche.fr\/wp-content\/uploads\/2025\/11\/affiche-conference-decembre-2025-212x300.jpg 212w\" sizes=\"(max-width: 661px) 100vw, 661px\" \/>\t\t\t\t\t\t\t\t\t\t\t\t\t\t\t<\/div>\n\t\t\t\t<\/div>\n\t\t\t\t\t<\/div>\n\t\t<\/div>\n\t\t\t\t\t<\/div>\n\t\t<\/section>\n\t\t\t\t<\/div>\n\t\t","protected":false},"excerpt":{"rendered":"<p>Samedi 13 d\u00e9cembre 2025 d\u00e8s 16h \u00e0 l\u2019Auditorium , 96 rue de la sous-pr\u00e9fecture 69400 Villefranche sur Sa\u00f4ne Notre conf\u00e9rence donn\u00e9e par Gabrielle Fort aura pour th\u00e8me :\u00a0 \u00ab Les femmes et la science \u00bb Billetterie\u00a0: R\u00e9servation \u00e0 l\u2019office de tourisme. R\u00e9servation en ligne sur\u00a0Destination Beaujolais. Billetterie \u00e9galement disponible \u00e0 l\u2019entr\u00e9e<\/p>\n","protected":false},"author":6,"featured_media":3294,"comment_status":"open","ping_status":"open","sticky":false,"template":"","format":"standard","meta":{"_monsterinsights_skip_tracking":false,"_monsterinsights_sitenote_active":false,"_monsterinsights_sitenote_note":"","_monsterinsights_sitenote_category":0,"neve_meta_sidebar":"","neve_meta_container":"","neve_meta_enable_content_width":"off","neve_meta_content_width":70,"neve_meta_title_alignment":"","neve_meta_author_avatar":"","neve_post_elements_order":"","neve_meta_disable_header":"","neve_meta_disable_footer":"","neve_meta_disable_title":"","footnotes":""},"categories":[7],"tags":[],"class_list":["post-3293","post","type-post","status-publish","format-standard","has-post-thumbnail","hentry","category-conferences"],"aioseo_notices":[],"_links":{"self":[{"href":"https:\/\/academie-villefranche.fr\/index.php?rest_route=\/wp\/v2\/posts\/3293","targetHints":{"allow":["GET"]}}],"collection":[{"href":"https:\/\/academie-villefranche.fr\/index.php?rest_route=\/wp\/v2\/posts"}],"about":[{"href":"https:\/\/academie-villefranche.fr\/index.php?rest_route=\/wp\/v2\/types\/post"}],"author":[{"embeddable":true,"href":"https:\/\/academie-villefranche.fr\/index.php?rest_route=\/wp\/v2\/users\/6"}],"replies":[{"embeddable":true,"href":"https:\/\/academie-villefranche.fr\/index.php?rest_route=%2Fwp%2Fv2%2Fcomments&post=3293"}],"version-history":[{"count":9,"href":"https:\/\/academie-villefranche.fr\/index.php?rest_route=\/wp\/v2\/posts\/3293\/revisions"}],"predecessor-version":[{"id":3313,"href":"https:\/\/academie-villefranche.fr\/index.php?rest_route=\/wp\/v2\/posts\/3293\/revisions\/3313"}],"wp:featuredmedia":[{"embeddable":true,"href":"https:\/\/academie-villefranche.fr\/index.php?rest_route=\/wp\/v2\/media\/3294"}],"wp:attachment":[{"href":"https:\/\/academie-villefranche.fr\/index.php?rest_route=%2Fwp%2Fv2%2Fmedia&parent=3293"}],"wp:term":[{"taxonomy":"category","embeddable":true,"href":"https:\/\/academie-villefranche.fr\/index.php?rest_route=%2Fwp%2Fv2%2Fcategories&post=3293"},{"taxonomy":"post_tag","embeddable":true,"href":"https:\/\/academie-villefranche.fr\/index.php?rest_route=%2Fwp%2Fv2%2Ftags&post=3293"}],"curies":[{"name":"wp","href":"https:\/\/api.w.org\/{rel}","templated":true}]}}