{"id":3343,"date":"2026-01-16T16:25:18","date_gmt":"2026-01-16T15:25:18","guid":{"rendered":"https:\/\/academie-villefranche.fr\/?p=3343"},"modified":"2026-01-16T16:25:18","modified_gmt":"2026-01-16T15:25:18","slug":"le-monde-merveilleux-des-abeilles-en-beaujolais","status":"publish","type":"post","link":"https:\/\/academie-villefranche.fr\/?p=3343","title":{"rendered":"Le monde merveilleux des abeilles en Beaujolais"},"content":{"rendered":"<p><strong>Samedi 14 f\u00e9vrier 2025 <\/strong><strong>d\u00e8s 16h \u00e0 l\u2019Auditorium ,<\/strong><br \/>\n<strong>96 rue de la sous-pr\u00e9fecture<\/strong><br \/>\n<strong>69400 Villefranche sur Sa\u00f4ne<\/strong><\/p>\n<p><strong>Notre conf\u00e9rence donn\u00e9e par Jean-Paul L\u00e9os aura pour th\u00e8me :\u00a0<\/strong><\/p>\n<p><b>\u00ab <\/b><strong>Le monde merveilleux des abeilles en Beaujolais<\/strong><b> \u00bb<\/b><\/p>\n<p><strong>Billetterie<\/strong>\u00a0:<\/p>\n<p>R\u00e9servation \u00e0 l\u2019office de tourisme.<\/p>\n<p>R\u00e9servation en ligne sur\u00a0<a href=\"https:\/\/www.destination-beaujolais.com\/toute-la-billetterie.html\">Destination Beaujolais<\/a>.<\/p>\n<p>Billetterie \u00e9galement disponible \u00e0 l\u2019entr\u00e9e.<\/p>\n","protected":false},"excerpt":{"rendered":"<p>Samedi 14 f\u00e9vrier 2025 d\u00e8s 16h \u00e0 l\u2019Auditorium , 96 rue de la sous-pr\u00e9fecture 69400 Villefranche sur Sa\u00f4ne Notre conf\u00e9rence donn\u00e9e par Jean-Paul L\u00e9os aura pour th\u00e8me :\u00a0 \u00ab Le monde merveilleux des abeilles en Beaujolais \u00bb Billetterie\u00a0: R\u00e9servation \u00e0 l\u2019office de tourisme. R\u00e9servation en ligne sur\u00a0Destination Beaujolais. Billetterie \u00e9galement disponible \u00e0 l\u2019entr\u00e9e.<\/p>\n","protected":false},"author":3,"featured_media":3337,"comment_status":"open","ping_status":"open","sticky":false,"template":"","format":"standard","meta":{"_monsterinsights_skip_tracking":false,"_monsterinsights_sitenote_active":false,"_monsterinsights_sitenote_note":"","_monsterinsights_sitenote_category":0,"neve_meta_sidebar":"","neve_meta_container":"","neve_meta_enable_content_width":"off","neve_meta_content_width":70,"neve_meta_title_alignment":"","neve_meta_author_avatar":"","neve_post_elements_order":"","neve_meta_disable_header":"","neve_meta_disable_footer":"","neve_meta_disable_title":"","footnotes":""},"categories":[7],"tags":[],"class_list":["post-3343","post","type-post","status-publish","format-standard","has-post-thumbnail","hentry","category-conferences"],"aioseo_notices":[],"_links":{"self":[{"href":"https:\/\/academie-villefranche.fr\/index.php?rest_route=\/wp\/v2\/posts\/3343","targetHints":{"allow":["GET"]}}],"collection":[{"href":"https:\/\/academie-villefranche.fr\/index.php?rest_route=\/wp\/v2\/posts"}],"about":[{"href":"https:\/\/academie-villefranche.fr\/index.php?rest_route=\/wp\/v2\/types\/post"}],"author":[{"embeddable":true,"href":"https:\/\/academie-villefranche.fr\/index.php?rest_route=\/wp\/v2\/users\/3"}],"replies":[{"embeddable":true,"href":"https:\/\/academie-villefranche.fr\/index.php?rest_route=%2Fwp%2Fv2%2Fcomments&post=3343"}],"version-history":[{"count":1,"href":"https:\/\/academie-villefranche.fr\/index.php?rest_route=\/wp\/v2\/posts\/3343\/revisions"}],"predecessor-version":[{"id":3344,"href":"https:\/\/academie-villefranche.fr\/index.php?rest_route=\/wp\/v2\/posts\/3343\/revisions\/3344"}],"wp:featuredmedia":[{"embeddable":true,"href":"https:\/\/academie-villefranche.fr\/index.php?rest_route=\/wp\/v2\/media\/3337"}],"wp:attachment":[{"href":"https:\/\/academie-villefranche.fr\/index.php?rest_route=%2Fwp%2Fv2%2Fmedia&parent=3343"}],"wp:term":[{"taxonomy":"category","embeddable":true,"href":"https:\/\/academie-villefranche.fr\/index.php?rest_route=%2Fwp%2Fv2%2Fcategories&post=3343"},{"taxonomy":"post_tag","embeddable":true,"href":"https:\/\/academie-villefranche.fr\/index.php?rest_route=%2Fwp%2Fv2%2Ftags&post=3343"}],"curies":[{"name":"wp","href":"https:\/\/api.w.org\/{rel}","templated":true}]}}