{"id":3662,"date":"2026-03-17T01:47:50","date_gmt":"2026-03-17T00:47:50","guid":{"rendered":"https:\/\/academie-villefranche.fr\/?p=3662"},"modified":"2026-03-17T01:47:50","modified_gmt":"2026-03-17T00:47:50","slug":"conference-universelles-des-fleurs-a-prendre-a-la-legere","status":"publish","type":"post","link":"https:\/\/academie-villefranche.fr\/?p=3662","title":{"rendered":"Conf\u00e9rence Univers&rsquo;elles &#8211; Des fleurs \u00e0 prendre \u00e0 la l\u00e9g\u00e8re ?"},"content":{"rendered":"<p><strong>Samedi 04 avril 2026 <\/strong><strong>d\u00e8s 14h30 \u00e0 l\u2019Auditorium ,<\/strong><br \/>\n<strong>96 rue de la sous-pr\u00e9fecture<\/strong><br \/>\n<strong>69400 Villefranche sur Sa\u00f4ne<\/strong><\/p>\n<p><strong>Notre conf\u00e9rence donn\u00e9e par Lucas Vautrin &amp; Nathalie Ferrand aura pour th\u00e8me :\u00a0<\/strong><\/p>\n<p><b>\u00ab Des fleurs \u00e0 prendre \u00e0 la l\u00e9g\u00e8re ?<\/b><b>\u00a0\u00bb<\/b><\/p>\n<p><strong>Billetterie<\/strong>\u00a0:<\/p>\n<p>R\u00e9servation \u00e0 l\u2019office de tourisme.<\/p>\n<p>R\u00e9servation en ligne sur\u00a0<a href=\"https:\/\/www.destination-beaujolais.com\/toute-la-billetterie.html\">Destination Beaujolais<\/a>.<\/p>\n<p>Billetterie \u00e9galement disponible \u00e0 l\u2019entr\u00e9e.<\/p>\n","protected":false},"excerpt":{"rendered":"<p>Samedi 04 avril 2026 d\u00e8s 14h30 \u00e0 l\u2019Auditorium , 96 rue de la sous-pr\u00e9fecture 69400 Villefranche sur Sa\u00f4ne Notre conf\u00e9rence donn\u00e9e par Lucas Vautrin &amp; Nathalie Ferrand aura pour th\u00e8me :\u00a0 \u00ab Des fleurs \u00e0 prendre \u00e0 la l\u00e9g\u00e8re ?\u00a0\u00bb Billetterie\u00a0: R\u00e9servation \u00e0 l\u2019office de tourisme. R\u00e9servation en ligne sur\u00a0Destination Beaujolais. Billetterie \u00e9galement disponible \u00e0&hellip;&nbsp;<a href=\"https:\/\/academie-villefranche.fr\/?p=3662\" rel=\"bookmark\">Lire la suite &raquo;<span class=\"screen-reader-text\">Conf\u00e9rence Univers&rsquo;elles &#8211; Des fleurs \u00e0 prendre \u00e0 la l\u00e9g\u00e8re ?<\/span><\/a><\/p>\n","protected":false},"author":3,"featured_media":3660,"comment_status":"open","ping_status":"open","sticky":false,"template":"","format":"standard","meta":{"_monsterinsights_skip_tracking":false,"_monsterinsights_sitenote_active":false,"_monsterinsights_sitenote_note":"","_monsterinsights_sitenote_category":0,"neve_meta_sidebar":"","neve_meta_container":"","neve_meta_enable_content_width":"off","neve_meta_content_width":70,"neve_meta_title_alignment":"","neve_meta_author_avatar":"","neve_post_elements_order":"","neve_meta_disable_header":"","neve_meta_disable_footer":"","neve_meta_disable_title":"","footnotes":""},"categories":[7],"tags":[],"class_list":["post-3662","post","type-post","status-publish","format-standard","has-post-thumbnail","hentry","category-conferences"],"aioseo_notices":[],"_links":{"self":[{"href":"https:\/\/academie-villefranche.fr\/index.php?rest_route=\/wp\/v2\/posts\/3662","targetHints":{"allow":["GET"]}}],"collection":[{"href":"https:\/\/academie-villefranche.fr\/index.php?rest_route=\/wp\/v2\/posts"}],"about":[{"href":"https:\/\/academie-villefranche.fr\/index.php?rest_route=\/wp\/v2\/types\/post"}],"author":[{"embeddable":true,"href":"https:\/\/academie-villefranche.fr\/index.php?rest_route=\/wp\/v2\/users\/3"}],"replies":[{"embeddable":true,"href":"https:\/\/academie-villefranche.fr\/index.php?rest_route=%2Fwp%2Fv2%2Fcomments&post=3662"}],"version-history":[{"count":1,"href":"https:\/\/academie-villefranche.fr\/index.php?rest_route=\/wp\/v2\/posts\/3662\/revisions"}],"predecessor-version":[{"id":3663,"href":"https:\/\/academie-villefranche.fr\/index.php?rest_route=\/wp\/v2\/posts\/3662\/revisions\/3663"}],"wp:featuredmedia":[{"embeddable":true,"href":"https:\/\/academie-villefranche.fr\/index.php?rest_route=\/wp\/v2\/media\/3660"}],"wp:attachment":[{"href":"https:\/\/academie-villefranche.fr\/index.php?rest_route=%2Fwp%2Fv2%2Fmedia&parent=3662"}],"wp:term":[{"taxonomy":"category","embeddable":true,"href":"https:\/\/academie-villefranche.fr\/index.php?rest_route=%2Fwp%2Fv2%2Fcategories&post=3662"},{"taxonomy":"post_tag","embeddable":true,"href":"https:\/\/academie-villefranche.fr\/index.php?rest_route=%2Fwp%2Fv2%2Ftags&post=3662"}],"curies":[{"name":"wp","href":"https:\/\/api.w.org\/{rel}","templated":true}]}}