{"id":3667,"date":"2026-03-22T22:30:38","date_gmt":"2026-03-22T21:30:38","guid":{"rendered":"https:\/\/academie-villefranche.fr\/?p=3667"},"modified":"2026-03-22T23:06:36","modified_gmt":"2026-03-22T22:06:36","slug":"actualites-janvier-2026","status":"publish","type":"post","link":"https:\/\/academie-villefranche.fr\/?p=3667","title":{"rendered":"Actualit\u00e9s Janvier 2026"},"content":{"rendered":"\t\t<div data-elementor-type=\"wp-post\" data-elementor-id=\"3667\" class=\"elementor elementor-3667\" data-elementor-post-type=\"post\">\n\t\t\t\t\t\t<section class=\"elementor-section elementor-top-section elementor-element elementor-element-3130fe29 elementor-section-boxed elementor-section-height-default elementor-section-height-default\" data-id=\"3130fe29\" data-element_type=\"section\" data-e-type=\"section\">\n\t\t\t\t\t\t<div class=\"elementor-container elementor-column-gap-default\">\n\t\t\t\t\t<div class=\"elementor-column elementor-col-100 elementor-top-column elementor-element elementor-element-1f4e15b7\" data-id=\"1f4e15b7\" data-element_type=\"column\" data-e-type=\"column\">\n\t\t\t<div class=\"elementor-widget-wrap elementor-element-populated\">\n\t\t\t\t\t\t<div class=\"elementor-element elementor-element-5c88fad9 elementor-widget elementor-widget-text-editor\" data-id=\"5c88fad9\" data-element_type=\"widget\" data-e-type=\"widget\" data-widget_type=\"text-editor.default\">\n\t\t\t\t<div class=\"elementor-widget-container\">\n\t\t\t\t\t\t\t\t\t<ul><li><div dir=\"auto\" data-ogsc=\"rgb(8, 8, 9)\">Le mardi 10\/02\/2026, le conseil d&rsquo;administration s&rsquo;est r\u00e9uni comme chaque mois afin d&rsquo;\u00e9voquer l&rsquo;actualit\u00e9.<\/div><\/li><li><div dir=\"auto\" data-ogsc=\"rgb(8, 8, 9)\">La derni\u00e8re lettre a \u00e9t\u00e9 envoy\u00e9e ou est \u00e0 retirer lors des permanences du mercredi matin au si\u00e8ge, de 10 \u00e0 12 h.<\/div><\/li><li><div dir=\"auto\" data-ogsc=\"rgb(8, 8, 9)\">Un repas romain aura lieu le 18 avril au Perreon pour les acad\u00e9miciens, s&rsquo;inscrire aupr\u00e8s du bureau.<\/div><\/li><li><div dir=\"auto\" data-ogsc=\"rgb(8, 8, 9)\">Visite du S\u00e9nat le 3 juin, s&rsquo;inscrire avant le 28\/02.<\/div><\/li><li><div dir=\"auto\" data-ogsc=\"rgb(8, 8, 9)\">Assembl\u00e9e g\u00e9n\u00e9rale le 27 mars, \u00e0 17 h \u00e0 l&rsquo;espace Vermorel au 210 Bd Vermorel. Le dernier bulletin y sera distribu\u00e9, tout comme le programme de la saison 2026\/2027, conf\u00e9rences et communications..<\/div><\/li><li><div dir=\"auto\" data-ogsc=\"rgb(8, 8, 9)\">Il a aussi \u00e9t\u00e9 question de la conf\u00e9rence du samedi 14 mars et de la pr\u00e9sentation exceptionnelle du big band de Villefranche, pour laquelle la billetterie est ouverte \u00e0 l&rsquo;office du tourisme, 10 euros pour les \u00e9tudiants, 15 euros pour les abonn\u00e9s, 20 euros pour tout public.<\/div><\/li><li><div dir=\"auto\" data-ogsc=\"rgb(8, 8, 9)\">Une lettre sp\u00e9cifique sera imprim\u00e9e \u00e0 l&rsquo;occasion de la 100\u00e8me Lettre de l&rsquo;Acad\u00e9mie avec une s\u00e9lection de sujets faite en commission.<\/div><\/li><\/ul>\t\t\t\t\t\t\t\t<\/div>\n\t\t\t\t<\/div>\n\t\t\t\t\t<\/div>\n\t\t<\/div>\n\t\t\t\t\t<\/div>\n\t\t<\/section>\n\t\t\t\t<\/div>\n\t\t","protected":false},"excerpt":{"rendered":"<p>Le mardi 10\/02\/2026, le conseil d&rsquo;administration s&rsquo;est r\u00e9uni comme chaque mois afin d&rsquo;\u00e9voquer l&rsquo;actualit\u00e9. La derni\u00e8re lettre a \u00e9t\u00e9 envoy\u00e9e ou est \u00e0 retirer lors des permanences du mercredi matin au si\u00e8ge, de 10 \u00e0 12 h. Un repas romain aura lieu le 18 avril au Perreon pour les acad\u00e9miciens, s&rsquo;inscrire aupr\u00e8s du bureau. Visite&hellip;&nbsp;<a href=\"https:\/\/academie-villefranche.fr\/?p=3667\" rel=\"bookmark\">Lire la suite &raquo;<span class=\"screen-reader-text\">Actualit\u00e9s Janvier 2026<\/span><\/a><\/p>\n","protected":false},"author":3,"featured_media":0,"comment_status":"open","ping_status":"open","sticky":false,"template":"","format":"standard","meta":{"_monsterinsights_skip_tracking":false,"_monsterinsights_sitenote_active":false,"_monsterinsights_sitenote_note":"","_monsterinsights_sitenote_category":0,"neve_meta_sidebar":"","neve_meta_container":"","neve_meta_enable_content_width":"off","neve_meta_content_width":70,"neve_meta_title_alignment":"","neve_meta_author_avatar":"","neve_post_elements_order":"","neve_meta_disable_header":"","neve_meta_disable_footer":"","neve_meta_disable_title":"","footnotes":""},"categories":[19],"tags":[],"class_list":["post-3667","post","type-post","status-publish","format-standard","hentry","category-actualites"],"aioseo_notices":[],"_links":{"self":[{"href":"https:\/\/academie-villefranche.fr\/index.php?rest_route=\/wp\/v2\/posts\/3667","targetHints":{"allow":["GET"]}}],"collection":[{"href":"https:\/\/academie-villefranche.fr\/index.php?rest_route=\/wp\/v2\/posts"}],"about":[{"href":"https:\/\/academie-villefranche.fr\/index.php?rest_route=\/wp\/v2\/types\/post"}],"author":[{"embeddable":true,"href":"https:\/\/academie-villefranche.fr\/index.php?rest_route=\/wp\/v2\/users\/3"}],"replies":[{"embeddable":true,"href":"https:\/\/academie-villefranche.fr\/index.php?rest_route=%2Fwp%2Fv2%2Fcomments&post=3667"}],"version-history":[{"count":12,"href":"https:\/\/academie-villefranche.fr\/index.php?rest_route=\/wp\/v2\/posts\/3667\/revisions"}],"predecessor-version":[{"id":3692,"href":"https:\/\/academie-villefranche.fr\/index.php?rest_route=\/wp\/v2\/posts\/3667\/revisions\/3692"}],"wp:attachment":[{"href":"https:\/\/academie-villefranche.fr\/index.php?rest_route=%2Fwp%2Fv2%2Fmedia&parent=3667"}],"wp:term":[{"taxonomy":"category","embeddable":true,"href":"https:\/\/academie-villefranche.fr\/index.php?rest_route=%2Fwp%2Fv2%2Fcategories&post=3667"},{"taxonomy":"post_tag","embeddable":true,"href":"https:\/\/academie-villefranche.fr\/index.php?rest_route=%2Fwp%2Fv2%2Ftags&post=3667"}],"curies":[{"name":"wp","href":"https:\/\/api.w.org\/{rel}","templated":true}]}}