{"id":3679,"date":"2026-03-22T23:00:06","date_gmt":"2026-03-22T22:00:06","guid":{"rendered":"https:\/\/academie-villefranche.fr\/?p=3679"},"modified":"2026-03-22T23:02:59","modified_gmt":"2026-03-22T22:02:59","slug":"actualites-fevrier-2026","status":"publish","type":"post","link":"https:\/\/academie-villefranche.fr\/?p=3679","title":{"rendered":"Actualit\u00e9s F\u00e9vrier 2026"},"content":{"rendered":"\t\t<div data-elementor-type=\"wp-post\" data-elementor-id=\"3679\" class=\"elementor elementor-3679\" data-elementor-post-type=\"post\">\n\t\t\t\t\t\t<section class=\"elementor-section elementor-top-section elementor-element elementor-element-5f411d4e elementor-section-boxed elementor-section-height-default elementor-section-height-default\" data-id=\"5f411d4e\" data-element_type=\"section\" data-e-type=\"section\">\n\t\t\t\t\t\t<div class=\"elementor-container elementor-column-gap-default\">\n\t\t\t\t\t<div class=\"elementor-column elementor-col-100 elementor-top-column elementor-element elementor-element-5d75e6d4\" data-id=\"5d75e6d4\" data-element_type=\"column\" data-e-type=\"column\">\n\t\t\t<div class=\"elementor-widget-wrap elementor-element-populated\">\n\t\t\t\t\t\t<div class=\"elementor-element elementor-element-4ed7f275 elementor-widget elementor-widget-text-editor\" data-id=\"4ed7f275\" data-element_type=\"widget\" data-e-type=\"widget\" data-widget_type=\"text-editor.default\">\n\t\t\t\t<div class=\"elementor-widget-container\">\n\t\t\t\t\t\t\t\t\t<ul>\r\n \t<li><strong>Finances\u00a0:<\/strong> le tr\u00e9sorier rappelle que la nouvelle cotisation pour cette ann\u00e9e 2026 est de 65\u20ac. Avec humour, il l\u2019a envoy\u00e9 avec les v\u0153ux aux membres invit\u00e9s \u00e0 la renouveler.<\/li>\r\n \t<li>A l\u2019occasion de la 100e <em>Lettre de l\u2019Acad\u00e9mie<\/em> un volume qui recueillera ses meilleurs articles sera publi\u00e9 par l\u2019Acad\u00e9mie sous le titre <em>Petites histoires du Beaujolais<\/em>. A suivre\u2026<\/li>\r\n \t<li>Diverses demandes de recherche faites par nos membres ont \u00e9t\u00e9 relay\u00e9es par l\u2019Acad\u00e9mie via la messagerie \u00e9lectronique. Cette initiative a connu un franc succ\u00e8s avec de nombreuses r\u00e9ponses qui ont \u00e9t\u00e9 transmises aux demandeurs.<\/li>\r\n \t<li>Le bulletin annuel est pr\u00eat. Il sera distribu\u00e9 aux adh\u00e9rents lors de l\u2019Assembl\u00e9e g\u00e9n\u00e9rale qui aura lieu le vendredi 27 mars.<\/li>\r\n \t<li>Lors de cette A.G. seront aussi pr\u00e9sent\u00e9s les programmes des conf\u00e9rences et des communications pour 2026-2027<\/li>\r\n \t<li>Une sortie au S\u00e9nat pour les titulaires est programm\u00e9e pour le 3 juin.<\/li>\r\n \t<li>La sortie annuelle avec l\u2019Acad\u00e9mie de la Dombes aura lieu le 22 avril. Au programme notamment, visite de Fossilea.<\/li>\r\n<\/ul>\t\t\t\t\t\t\t\t<\/div>\n\t\t\t\t<\/div>\n\t\t\t\t\t<\/div>\n\t\t<\/div>\n\t\t\t\t\t<\/div>\n\t\t<\/section>\n\t\t\t\t<\/div>\n\t\t","protected":false},"excerpt":{"rendered":"<p>Finances\u00a0: le tr\u00e9sorier rappelle que la nouvelle cotisation pour cette ann\u00e9e 2026 est de 65\u20ac. Avec humour, il l\u2019a envoy\u00e9 avec les v\u0153ux aux membres invit\u00e9s \u00e0 la renouveler. A l\u2019occasion de la 100e Lettre de l\u2019Acad\u00e9mie un volume qui recueillera ses meilleurs articles sera publi\u00e9 par l\u2019Acad\u00e9mie sous le titre Petites histoires du Beaujolais.&hellip;&nbsp;<a href=\"https:\/\/academie-villefranche.fr\/?p=3679\" rel=\"bookmark\">Lire la suite &raquo;<span class=\"screen-reader-text\">Actualit\u00e9s F\u00e9vrier 2026<\/span><\/a><\/p>\n","protected":false},"author":3,"featured_media":0,"comment_status":"open","ping_status":"open","sticky":false,"template":"","format":"standard","meta":{"_monsterinsights_skip_tracking":false,"_monsterinsights_sitenote_active":false,"_monsterinsights_sitenote_note":"","_monsterinsights_sitenote_category":0,"neve_meta_sidebar":"","neve_meta_container":"","neve_meta_enable_content_width":"off","neve_meta_content_width":70,"neve_meta_title_alignment":"","neve_meta_author_avatar":"","neve_post_elements_order":"","neve_meta_disable_header":"","neve_meta_disable_footer":"","neve_meta_disable_title":"","footnotes":""},"categories":[19],"tags":[],"class_list":["post-3679","post","type-post","status-publish","format-standard","hentry","category-actualites"],"aioseo_notices":[],"_links":{"self":[{"href":"https:\/\/academie-villefranche.fr\/index.php?rest_route=\/wp\/v2\/posts\/3679","targetHints":{"allow":["GET"]}}],"collection":[{"href":"https:\/\/academie-villefranche.fr\/index.php?rest_route=\/wp\/v2\/posts"}],"about":[{"href":"https:\/\/academie-villefranche.fr\/index.php?rest_route=\/wp\/v2\/types\/post"}],"author":[{"embeddable":true,"href":"https:\/\/academie-villefranche.fr\/index.php?rest_route=\/wp\/v2\/users\/3"}],"replies":[{"embeddable":true,"href":"https:\/\/academie-villefranche.fr\/index.php?rest_route=%2Fwp%2Fv2%2Fcomments&post=3679"}],"version-history":[{"count":4,"href":"https:\/\/academie-villefranche.fr\/index.php?rest_route=\/wp\/v2\/posts\/3679\/revisions"}],"predecessor-version":[{"id":3688,"href":"https:\/\/academie-villefranche.fr\/index.php?rest_route=\/wp\/v2\/posts\/3679\/revisions\/3688"}],"wp:attachment":[{"href":"https:\/\/academie-villefranche.fr\/index.php?rest_route=%2Fwp%2Fv2%2Fmedia&parent=3679"}],"wp:term":[{"taxonomy":"category","embeddable":true,"href":"https:\/\/academie-villefranche.fr\/index.php?rest_route=%2Fwp%2Fv2%2Fcategories&post=3679"},{"taxonomy":"post_tag","embeddable":true,"href":"https:\/\/academie-villefranche.fr\/index.php?rest_route=%2Fwp%2Fv2%2Ftags&post=3679"}],"curies":[{"name":"wp","href":"https:\/\/api.w.org\/{rel}","templated":true}]}}